{"id":1353,"date":"2024-07-11T10:20:50","date_gmt":"2024-07-11T09:20:50","guid":{"rendered":"https:\/\/www.tc-wiehltal.de\/?p=1353"},"modified":"2024-07-23T08:44:39","modified_gmt":"2024-07-23T07:44:39","slug":"tc-wiehltal-startete-mit-14-teams-in-den-tennissommer-2024","status":"publish","type":"post","link":"https:\/\/www.tc-wiehltal.de\/index.php\/2024\/07\/11\/tc-wiehltal-startete-mit-14-teams-in-den-tennissommer-2024\/","title":{"rendered":"TC Wiehltal startete mit 14 Teams in den Tennissommer 2024"},"content":{"rendered":"\t\t<div data-elementor-type=\"wp-post\" data-elementor-id=\"1353\" class=\"elementor elementor-1353\">\n\t\t\t\t\t\t<div class=\"elementor-inner\">\n\t\t\t\t<div class=\"elementor-section-wrap\">\n\t\t\t\t\t\t\t\t\t<section class=\"elementor-section elementor-top-section elementor-element elementor-element-0b47af5 elementor-section-boxed elementor-section-height-default elementor-section-height-default\" data-id=\"0b47af5\" data-element_type=\"section\">\n\t\t\t\t\t\t<div class=\"elementor-container elementor-column-gap-default\">\n\t\t\t\t\t\t\t<div class=\"elementor-row\">\n\t\t\t\t\t<div class=\"elementor-column elementor-col-100 elementor-top-column elementor-element elementor-element-1a99970\" data-id=\"1a99970\" data-element_type=\"column\">\n\t\t\t<div class=\"elementor-column-wrap elementor-element-populated\">\n\t\t\t\t\t\t\t<div class=\"elementor-widget-wrap\">\n\t\t\t\t\t\t<div class=\"elementor-element elementor-element-5a3f9d2 elementor-widget elementor-widget-heading\" data-id=\"5a3f9d2\" data-element_type=\"widget\" data-widget_type=\"heading.default\">\n\t\t\t\t<div class=\"elementor-widget-container\">\n\t\t\t<h2 class=\"elementor-heading-title elementor-size-default\">Gleich 3 Teams haben Aufstieg im Visier                       <\/h2>\t\t<\/div>\n\t\t\t\t<\/div>\n\t\t\t\t\t\t<\/div>\n\t\t\t\t\t<\/div>\n\t\t<\/div>\n\t\t\t\t\t\t\t\t<\/div>\n\t\t\t\t\t<\/div>\n\t\t<\/section>\n\t\t\t\t<section class=\"elementor-section elementor-top-section elementor-element elementor-element-db68522 elementor-section-boxed elementor-section-height-default elementor-section-height-default\" data-id=\"db68522\" data-element_type=\"section\">\n\t\t\t\t\t\t<div class=\"elementor-container elementor-column-gap-default\">\n\t\t\t\t\t\t\t<div class=\"elementor-row\">\n\t\t\t\t\t<div class=\"elementor-column elementor-col-100 elementor-top-column elementor-element elementor-element-3be59ac\" data-id=\"3be59ac\" data-element_type=\"column\">\n\t\t\t<div class=\"elementor-column-wrap elementor-element-populated\">\n\t\t\t\t\t\t\t<div class=\"elementor-widget-wrap\">\n\t\t\t\t\t\t<div class=\"elementor-element elementor-element-97431ef elementor-widget elementor-widget-text-editor\" data-id=\"97431ef\" data-element_type=\"widget\" data-widget_type=\"text-editor.default\">\n\t\t\t\t<div class=\"elementor-widget-container\">\n\t\t\t\t\t\t\t\t<div class=\"elementor-text-editor elementor-clearfix\">\n\t\t\t\t<p>14 Tennisteams meldete Eric Schneider, der Sportwart des TC Wiehltal, f\u00fcr die diesj\u00e4hrigen Medenspiele, hierunter 3 Nachwuchsteams. &nbsp;<\/p>\n<p>Das klassenh\u00f6chste Team der <strong>Herren 60<\/strong> taumelt nach dem letztj\u00e4hrigen Aufstieg in die Mittelrheinliga (fr\u00fcher Oberliga) im freien Fall dem Abstieg entgegen. Thomas Disselmeyer, Andreas Soeder, Juppi Steinfort, Matthias Riegel, Dr. Axel Hans, Hanso Koch, Michael Heinrich, Dietmar Hardt, Rainer Sch\u00fcr und Lambert Heyder zieren mit 0:10 Punkten das Tabellenende. Der Abstieg d\u00fcrfte bei noch einem ausstehenden Match bei Blau-Wei\u00df K\u00f6ln nicht mehr abzuwenden sein. Der verletzungsbedingte Ausfall von J\u00f6rg Schneider an Nr.5 immer eine sichere Bank, konnte nicht kompensiert werden.<\/p>\n<p>In der 1. Verbandsliga k\u00e4mpfen die <strong>Herren 55<\/strong> mit Thomas Disselmeyer, Peter Endemann, Andreas Soeder, Matthias Riegel, Dr. Burkhard Irnich, Dr, Axel Hans, Hanso Koch, Peter T\u00f6ws, Lambert Heyder und Magnus B\u00fcrger um den Klassenerhalt. Nach 5 von 7 Matches rangiert man mit 2:8 Punkten auf dem vorletzten Tabellenplatz.&nbsp; gegen den Abstieg. Auch hier macht sich das Fehlen von J\u00f6rg Schneider und leider jetzt auch von Doppelspezialist Magnus B\u00fcrger bemerkbar, der sich zu Beginn der Saison einen Achillessehnenriss zuzog und dieses Jahr wohl komplett ausf\u00e4llt.<\/p>\n<p>Die <strong>1.Herren 30<\/strong> spielen in diesem Sommer in Spielgemeinschaft mit dem TC 77 Drabenderh\u00f6he. In der 2. Verbandsliga stehen Uwe Fleischer, Arne Dohmgoergen, Tobias Claus, Frank Miebach, Christian Schuster, Volker Scheibe, Eric Schneider, Sven Riechmann und Ingo Kr\u00e4mer aktuell nach 2 Matches auf dem 3. Tabellenplatz.<\/p>\n<p><\/p>\n<p>Jeweils in der 2. Verbandsliga spielen die <strong>Herren 70<\/strong> und <strong>Herren 65<\/strong>. W\u00e4hrend sich die 65er mit Juppi Steinfort, Klaus Glock, J\u00fcrgen Pankonin, G\u00fcnni Debus, Dieter Buschbeck und Lothar Schneider nach einem 1:5 im Spitzenspiel beim TC Wegberg den Aufstieg wohl abschminken k\u00f6nnen, haben&nbsp; die 70er mit Klaus Glock, J\u00fcrgen Pankonin, Dieter Buschbeck, Lothar Schneider, Gerd Lauterbach und Holger Koch diesen noch fest im Visier.<\/p>\n<p>Wie \u201ePersil am Himmel\u201c steht aktuell das Wiehltaler <strong>Damenteam<\/strong>. Michelle Toews, Daniela Galfeld, Isabel H\u00e4hn, Eva Toews, Elena Stausberg, Alia Schr\u00f6der, Emma Kaufmann, Ann-sophie Dieball und Lisa Penz fuhren in der 3. Kreisliga 3 souver\u00e4ne Siege gegen Hennef, Wiehl und Dieringhausen ein. Im letzten Match gegen den Tabellenletzten R\u00fcnderoth k\u00f6nnte man sich im August sogar eine knappe Niederlage erlauben. Der Aufstieg in die 2. Kreisliga sollte gelingen. Herzlichen Gl\u00fcckwunsch.<\/p>\n<p><\/p>\n<p>Die <strong>Damen 40<\/strong> und <strong>Damen 50<\/strong> spielen bei in der 1. Kreisliga und zeigen in diesem Sommer klasse Leistungen. W\u00e4hrend die 40er mit Sandra Kaufmann, Bettina Strecker, Simone Herweg, Simone Strahlenbach, Tanja Wirths, Petra Genz und Susanne Schneider die Saison mit 6:2 Punkten auf dem 2. Tabellenplatz beendete und damit knapp am Aufstieg vorbeischrammten, haben die 50er Katja Kaminski, Gisela Mertes, Rita Holzer, Simone Herweg, Heidrun Sch\u00fcr und Christiane Becker bei 2 noch ausstehenden Spielen und 5:1 Punkten noch alle Chancen auf den Bezirksligaaufstieg.<\/p>\n<p>Das <strong>Herrenteam<\/strong> in der 2. Bezirksliga mit Nils Bleeser, Alex Disselmeyer, Nils Albrecht, Maurice Koch, Laurenz pack, Sebastian L\u00f6ftering, Christopher Sch\u00fcr, Gianluca Penz, Konstantin Kops, Arne Zuchowski und Maximilian Braun beendet den Tennissommer 2024 mit 0:10 Punkten auf dem letzten Platz und spielt im n\u00e4chsten Sommer in der 1. Kreisliga und in ebensolcher k\u00e4mpft das Team der <strong>Herren 50<\/strong> um Spiel, Satz und Sieg. Dr. Burkhard Irnich, Michael Heinrich, Peter Toews, Dietmar Hardt, Ingo Burghardt, Christian Kitta, Michael Genz und Michael Pack schlie\u00dfen die Saison auf einem sicheren 4.Platz ab.&nbsp; &nbsp;&nbsp;&nbsp;&nbsp;<\/p>\n<p>Ebenfalls in der 1. Kreisliga spielt das <strong>2.Herren 30<\/strong> Team an. Tobi Claus, Christian Gottstein, Fabian Hardt, Tobi Holschbach, Maximilian Braun und Fabian Becker stehen zwar aktuell mit 0:8 Punkten auf dem letzten Tabellenplatz, k\u00f6nnen aber bei 2 noch ausstehenden Spielen im August noch aus eigener Kraft den Klassenerhalt schaffen. Hierzu ben\u00f6tigt man 2 Erfolge.<\/p>\n<p>Das <strong>Juniorenteam <\/strong>mit Max Bergerhoff, Arne Zuchowski, Tom Sauer, Paul Haver, Corbinian Schaul, Silas Reitmeister und Pepe Frank konnte in der 1. Bezirksliga leider kein Spiel gewinnen und landete auf dem letzten Platz. Das gleiche Schicksal ereilte die <strong>Juniorinnen<\/strong> mit Lara Schneider, Leni Knott, Rukiye Akboga, Anita Brekalo und Johanna Holschbach in der 2. Kreisklasse.<\/p>\n<p>An der Tabellenspitze der 2.Kreisliga steht dagegen bei noch einem ausstehenden Match das noch ungeschlagene <strong>Knabenteam<\/strong> mit Paul Haver, Moritz Brekalo, Corbinian Schaul, Silas Brekalo.&nbsp;<\/p>\t\t\t\t\t<\/div>\n\t\t\t\t\t\t<\/div>\n\t\t\t\t<\/div>\n\t\t\t\t\t\t<\/div>\n\t\t\t\t\t<\/div>\n\t\t<\/div>\n\t\t\t\t\t\t\t\t<\/div>\n\t\t\t\t\t<\/div>\n\t\t<\/section>\n\t\t\t\t<section class=\"elementor-section elementor-top-section elementor-element elementor-element-93dd7f2 elementor-section-boxed elementor-section-height-default elementor-section-height-default\" data-id=\"93dd7f2\" data-element_type=\"section\">\n\t\t\t\t\t\t<div class=\"elementor-container elementor-column-gap-default\">\n\t\t\t\t\t\t\t<div class=\"elementor-row\">\n\t\t\t\t\t<div class=\"elementor-column elementor-col-100 elementor-top-column elementor-element elementor-element-dd048da\" data-id=\"dd048da\" data-element_type=\"column\">\n\t\t\t<div class=\"elementor-column-wrap elementor-element-populated\">\n\t\t\t\t\t\t\t<div class=\"elementor-widget-wrap\">\n\t\t\t\t\t\t<div class=\"elementor-element elementor-element-e2f8551 elementor-widget elementor-widget-image\" data-id=\"e2f8551\" data-element_type=\"widget\" data-widget_type=\"image.default\">\n\t\t\t\t<div class=\"elementor-widget-container\">\n\t\t\t\t\t\t\t\t<div class=\"elementor-image\">\n\t\t\t\t\t\t\t\t\t\t\t\t<img decoding=\"async\" width=\"971\" height=\"1024\" src=\"https:\/\/www.tc-wiehltal.de\/wp-content\/uploads\/2024\/07\/Bild-971x1024.jpg\" class=\"attachment-large size-large wp-image-1355\" alt=\"\" loading=\"lazy\" srcset=\"https:\/\/www.tc-wiehltal.de\/wp-content\/uploads\/2024\/07\/Bild-971x1024.jpg 971w, https:\/\/www.tc-wiehltal.de\/wp-content\/uploads\/2024\/07\/Bild-284x300.jpg 284w, https:\/\/www.tc-wiehltal.de\/wp-content\/uploads\/2024\/07\/Bild-768x810.jpg 768w, https:\/\/www.tc-wiehltal.de\/wp-content\/uploads\/2024\/07\/Bild-1000x1055.jpg 1000w, https:\/\/www.tc-wiehltal.de\/wp-content\/uploads\/2024\/07\/Bild-230x243.jpg 230w, https:\/\/www.tc-wiehltal.de\/wp-content\/uploads\/2024\/07\/Bild-350x369.jpg 350w, https:\/\/www.tc-wiehltal.de\/wp-content\/uploads\/2024\/07\/Bild-480x506.jpg 480w, https:\/\/www.tc-wiehltal.de\/wp-content\/uploads\/2024\/07\/Bild-800x844.jpg 800w, https:\/\/www.tc-wiehltal.de\/wp-content\/uploads\/2024\/07\/Bild.jpg 1199w\" sizes=\"(max-width: 971px) 100vw, 971px\" \/>\t\t\t\t\t\t\t\t\t\t\t\t\t\t<\/div>\n\t\t\t\t\t\t<\/div>\n\t\t\t\t<\/div>\n\t\t\t\t\t\t<\/div>\n\t\t\t\t\t<\/div>\n\t\t<\/div>\n\t\t\t\t\t\t\t\t<\/div>\n\t\t\t\t\t<\/div>\n\t\t<\/section>\n\t\t\t\t\t\t\t\t\t<\/div>\n\t\t\t<\/div>\n\t\t\t\t\t<\/div>\n\t\t","protected":false},"excerpt":{"rendered":"<p>Gleich 3 Teams haben Aufstieg im Visier 14 Tennisteams meldete Eric Schneider, der Sportwart des TC Wiehltal, f\u00fcr die diesj\u00e4hrigen Medenspiele, hierunter [&hellip;]<\/p>\n","protected":false},"author":2,"featured_media":0,"comment_status":"closed","ping_status":"closed","sticky":false,"template":"","format":"standard","meta":[],"categories":[1],"tags":[],"yoast_head":"<!-- This site is optimized with the Yoast SEO plugin v20.8 - https:\/\/yoast.com\/wordpress\/plugins\/seo\/ -->\n<title>TC Wiehltal startete mit 14 Teams in den Tennissommer 2024 - TC Wiehltal<\/title>\n<meta name=\"robots\" content=\"index, follow, max-snippet:-1, max-image-preview:large, max-video-preview:-1\" \/>\n<link rel=\"canonical\" href=\"https:\/\/www.tc-wiehltal.de\/index.php\/2024\/07\/11\/tc-wiehltal-startete-mit-14-teams-in-den-tennissommer-2024\/\" \/>\n<meta property=\"og:locale\" content=\"de_DE\" \/>\n<meta property=\"og:type\" content=\"article\" \/>\n<meta property=\"og:title\" content=\"TC Wiehltal startete mit 14 Teams in den Tennissommer 2024 - TC Wiehltal\" \/>\n<meta property=\"og:description\" content=\"Gleich 3 Teams haben Aufstieg im Visier 14 Tennisteams meldete Eric Schneider, der Sportwart des TC Wiehltal, f\u00fcr die diesj\u00e4hrigen Medenspiele, hierunter [&hellip;]\" \/>\n<meta property=\"og:url\" content=\"https:\/\/www.tc-wiehltal.de\/index.php\/2024\/07\/11\/tc-wiehltal-startete-mit-14-teams-in-den-tennissommer-2024\/\" \/>\n<meta property=\"og:site_name\" content=\"TC Wiehltal\" \/>\n<meta property=\"article:publisher\" content=\"https:\/\/www.facebook.com\/tcwiehltal\/\" \/>\n<meta property=\"article:published_time\" content=\"2024-07-11T09:20:50+00:00\" \/>\n<meta property=\"article:modified_time\" content=\"2024-07-23T07:44:39+00:00\" \/>\n<meta property=\"og:image\" content=\"https:\/\/www.tc-wiehltal.de\/wp-content\/uploads\/2024\/07\/Bild-971x1024.jpg\" \/>\n<meta name=\"author\" content=\"Jana Kitta\" \/>\n<meta name=\"twitter:card\" content=\"summary_large_image\" \/>\n<meta name=\"twitter:label1\" content=\"Verfasst von\" \/>\n\t<meta name=\"twitter:data1\" content=\"Jana Kitta\" \/>\n\t<meta name=\"twitter:label2\" content=\"Gesch\u00e4tzte Lesezeit\" \/>\n\t<meta name=\"twitter:data2\" content=\"4\u00a0Minuten\" \/>\n<script type=\"application\/ld+json\" class=\"yoast-schema-graph\">{\"@context\":\"https:\/\/schema.org\",\"@graph\":[{\"@type\":\"Article\",\"@id\":\"https:\/\/www.tc-wiehltal.de\/index.php\/2024\/07\/11\/tc-wiehltal-startete-mit-14-teams-in-den-tennissommer-2024\/#article\",\"isPartOf\":{\"@id\":\"https:\/\/www.tc-wiehltal.de\/index.php\/2024\/07\/11\/tc-wiehltal-startete-mit-14-teams-in-den-tennissommer-2024\/\"},\"author\":{\"name\":\"Jana Kitta\",\"@id\":\"https:\/\/www.tc-wiehltal.de\/#\/schema\/person\/5a26fec0938c3c52d8f1ffa0c40a57b2\"},\"headline\":\"TC Wiehltal startete mit 14 Teams in den Tennissommer 2024\",\"datePublished\":\"2024-07-11T09:20:50+00:00\",\"dateModified\":\"2024-07-23T07:44:39+00:00\",\"mainEntityOfPage\":{\"@id\":\"https:\/\/www.tc-wiehltal.de\/index.php\/2024\/07\/11\/tc-wiehltal-startete-mit-14-teams-in-den-tennissommer-2024\/\"},\"wordCount\":692,\"publisher\":{\"@id\":\"https:\/\/www.tc-wiehltal.de\/#organization\"},\"articleSection\":[\"Uncategorized\"],\"inLanguage\":\"de\"},{\"@type\":\"WebPage\",\"@id\":\"https:\/\/www.tc-wiehltal.de\/index.php\/2024\/07\/11\/tc-wiehltal-startete-mit-14-teams-in-den-tennissommer-2024\/\",\"url\":\"https:\/\/www.tc-wiehltal.de\/index.php\/2024\/07\/11\/tc-wiehltal-startete-mit-14-teams-in-den-tennissommer-2024\/\",\"name\":\"TC Wiehltal startete mit 14 Teams in den Tennissommer 2024 - TC Wiehltal\",\"isPartOf\":{\"@id\":\"https:\/\/www.tc-wiehltal.de\/#website\"},\"datePublished\":\"2024-07-11T09:20:50+00:00\",\"dateModified\":\"2024-07-23T07:44:39+00:00\",\"breadcrumb\":{\"@id\":\"https:\/\/www.tc-wiehltal.de\/index.php\/2024\/07\/11\/tc-wiehltal-startete-mit-14-teams-in-den-tennissommer-2024\/#breadcrumb\"},\"inLanguage\":\"de\",\"potentialAction\":[{\"@type\":\"ReadAction\",\"target\":[\"https:\/\/www.tc-wiehltal.de\/index.php\/2024\/07\/11\/tc-wiehltal-startete-mit-14-teams-in-den-tennissommer-2024\/\"]}]},{\"@type\":\"BreadcrumbList\",\"@id\":\"https:\/\/www.tc-wiehltal.de\/index.php\/2024\/07\/11\/tc-wiehltal-startete-mit-14-teams-in-den-tennissommer-2024\/#breadcrumb\",\"itemListElement\":[{\"@type\":\"ListItem\",\"position\":1,\"name\":\"Startseite\",\"item\":\"https:\/\/www.tc-wiehltal.de\/\"},{\"@type\":\"ListItem\",\"position\":2,\"name\":\"TC Wiehltal startete mit 14 Teams in den Tennissommer 2024\"}]},{\"@type\":\"WebSite\",\"@id\":\"https:\/\/www.tc-wiehltal.de\/#website\",\"url\":\"https:\/\/www.tc-wiehltal.de\/\",\"name\":\"TC Wiehltal\",\"description\":\"Willkommen beim TC Wiehltal!\",\"publisher\":{\"@id\":\"https:\/\/www.tc-wiehltal.de\/#organization\"},\"potentialAction\":[{\"@type\":\"SearchAction\",\"target\":{\"@type\":\"EntryPoint\",\"urlTemplate\":\"https:\/\/www.tc-wiehltal.de\/?s={search_term_string}\"},\"query-input\":\"required name=search_term_string\"}],\"inLanguage\":\"de\"},{\"@type\":\"Organization\",\"@id\":\"https:\/\/www.tc-wiehltal.de\/#organization\",\"name\":\"TC Wiehltal\",\"url\":\"https:\/\/www.tc-wiehltal.de\/\",\"logo\":{\"@type\":\"ImageObject\",\"inLanguage\":\"de\",\"@id\":\"https:\/\/www.tc-wiehltal.de\/#\/schema\/logo\/image\/\",\"url\":\"https:\/\/www.tc-wiehltal.de\/wp-content\/uploads\/2022\/07\/img_9745.jpg\",\"contentUrl\":\"https:\/\/www.tc-wiehltal.de\/wp-content\/uploads\/2022\/07\/img_9745.jpg\",\"width\":2048,\"height\":2048,\"caption\":\"TC Wiehltal\"},\"image\":{\"@id\":\"https:\/\/www.tc-wiehltal.de\/#\/schema\/logo\/image\/\"},\"sameAs\":[\"https:\/\/www.facebook.com\/tcwiehltal\/\"]},{\"@type\":\"Person\",\"@id\":\"https:\/\/www.tc-wiehltal.de\/#\/schema\/person\/5a26fec0938c3c52d8f1ffa0c40a57b2\",\"name\":\"Jana Kitta\",\"image\":{\"@type\":\"ImageObject\",\"inLanguage\":\"de\",\"@id\":\"https:\/\/www.tc-wiehltal.de\/#\/schema\/person\/image\/\",\"url\":\"https:\/\/secure.gravatar.com\/avatar\/74a60a3a5e41d31d4a65828a30df4f0e?s=96&d=mm&r=g\",\"contentUrl\":\"https:\/\/secure.gravatar.com\/avatar\/74a60a3a5e41d31d4a65828a30df4f0e?s=96&d=mm&r=g\",\"caption\":\"Jana Kitta\"},\"sameAs\":[\"https:\/\/www.tc-wiehltal.de\/\"],\"url\":\"https:\/\/www.tc-wiehltal.de\/index.php\/author\/jana_tcw\/\"}]}<\/script>\n<!-- \/ Yoast SEO plugin. -->","yoast_head_json":{"title":"TC Wiehltal startete mit 14 Teams in den Tennissommer 2024 - TC Wiehltal","robots":{"index":"index","follow":"follow","max-snippet":"max-snippet:-1","max-image-preview":"max-image-preview:large","max-video-preview":"max-video-preview:-1"},"canonical":"https:\/\/www.tc-wiehltal.de\/index.php\/2024\/07\/11\/tc-wiehltal-startete-mit-14-teams-in-den-tennissommer-2024\/","og_locale":"de_DE","og_type":"article","og_title":"TC Wiehltal startete mit 14 Teams in den Tennissommer 2024 - TC Wiehltal","og_description":"Gleich 3 Teams haben Aufstieg im Visier 14 Tennisteams meldete Eric Schneider, der Sportwart des TC Wiehltal, f\u00fcr die diesj\u00e4hrigen Medenspiele, hierunter [&hellip;]","og_url":"https:\/\/www.tc-wiehltal.de\/index.php\/2024\/07\/11\/tc-wiehltal-startete-mit-14-teams-in-den-tennissommer-2024\/","og_site_name":"TC Wiehltal","article_publisher":"https:\/\/www.facebook.com\/tcwiehltal\/","article_published_time":"2024-07-11T09:20:50+00:00","article_modified_time":"2024-07-23T07:44:39+00:00","og_image":[{"url":"https:\/\/www.tc-wiehltal.de\/wp-content\/uploads\/2024\/07\/Bild-971x1024.jpg"}],"author":"Jana Kitta","twitter_card":"summary_large_image","twitter_misc":{"Verfasst von":"Jana Kitta","Gesch\u00e4tzte Lesezeit":"4\u00a0Minuten"},"schema":{"@context":"https:\/\/schema.org","@graph":[{"@type":"Article","@id":"https:\/\/www.tc-wiehltal.de\/index.php\/2024\/07\/11\/tc-wiehltal-startete-mit-14-teams-in-den-tennissommer-2024\/#article","isPartOf":{"@id":"https:\/\/www.tc-wiehltal.de\/index.php\/2024\/07\/11\/tc-wiehltal-startete-mit-14-teams-in-den-tennissommer-2024\/"},"author":{"name":"Jana Kitta","@id":"https:\/\/www.tc-wiehltal.de\/#\/schema\/person\/5a26fec0938c3c52d8f1ffa0c40a57b2"},"headline":"TC Wiehltal startete mit 14 Teams in den Tennissommer 2024","datePublished":"2024-07-11T09:20:50+00:00","dateModified":"2024-07-23T07:44:39+00:00","mainEntityOfPage":{"@id":"https:\/\/www.tc-wiehltal.de\/index.php\/2024\/07\/11\/tc-wiehltal-startete-mit-14-teams-in-den-tennissommer-2024\/"},"wordCount":692,"publisher":{"@id":"https:\/\/www.tc-wiehltal.de\/#organization"},"articleSection":["Uncategorized"],"inLanguage":"de"},{"@type":"WebPage","@id":"https:\/\/www.tc-wiehltal.de\/index.php\/2024\/07\/11\/tc-wiehltal-startete-mit-14-teams-in-den-tennissommer-2024\/","url":"https:\/\/www.tc-wiehltal.de\/index.php\/2024\/07\/11\/tc-wiehltal-startete-mit-14-teams-in-den-tennissommer-2024\/","name":"TC Wiehltal startete mit 14 Teams in den Tennissommer 2024 - TC Wiehltal","isPartOf":{"@id":"https:\/\/www.tc-wiehltal.de\/#website"},"datePublished":"2024-07-11T09:20:50+00:00","dateModified":"2024-07-23T07:44:39+00:00","breadcrumb":{"@id":"https:\/\/www.tc-wiehltal.de\/index.php\/2024\/07\/11\/tc-wiehltal-startete-mit-14-teams-in-den-tennissommer-2024\/#breadcrumb"},"inLanguage":"de","potentialAction":[{"@type":"ReadAction","target":["https:\/\/www.tc-wiehltal.de\/index.php\/2024\/07\/11\/tc-wiehltal-startete-mit-14-teams-in-den-tennissommer-2024\/"]}]},{"@type":"BreadcrumbList","@id":"https:\/\/www.tc-wiehltal.de\/index.php\/2024\/07\/11\/tc-wiehltal-startete-mit-14-teams-in-den-tennissommer-2024\/#breadcrumb","itemListElement":[{"@type":"ListItem","position":1,"name":"Startseite","item":"https:\/\/www.tc-wiehltal.de\/"},{"@type":"ListItem","position":2,"name":"TC Wiehltal startete mit 14 Teams in den Tennissommer 2024"}]},{"@type":"WebSite","@id":"https:\/\/www.tc-wiehltal.de\/#website","url":"https:\/\/www.tc-wiehltal.de\/","name":"TC Wiehltal","description":"Willkommen beim TC Wiehltal!","publisher":{"@id":"https:\/\/www.tc-wiehltal.de\/#organization"},"potentialAction":[{"@type":"SearchAction","target":{"@type":"EntryPoint","urlTemplate":"https:\/\/www.tc-wiehltal.de\/?s={search_term_string}"},"query-input":"required name=search_term_string"}],"inLanguage":"de"},{"@type":"Organization","@id":"https:\/\/www.tc-wiehltal.de\/#organization","name":"TC Wiehltal","url":"https:\/\/www.tc-wiehltal.de\/","logo":{"@type":"ImageObject","inLanguage":"de","@id":"https:\/\/www.tc-wiehltal.de\/#\/schema\/logo\/image\/","url":"https:\/\/www.tc-wiehltal.de\/wp-content\/uploads\/2022\/07\/img_9745.jpg","contentUrl":"https:\/\/www.tc-wiehltal.de\/wp-content\/uploads\/2022\/07\/img_9745.jpg","width":2048,"height":2048,"caption":"TC Wiehltal"},"image":{"@id":"https:\/\/www.tc-wiehltal.de\/#\/schema\/logo\/image\/"},"sameAs":["https:\/\/www.facebook.com\/tcwiehltal\/"]},{"@type":"Person","@id":"https:\/\/www.tc-wiehltal.de\/#\/schema\/person\/5a26fec0938c3c52d8f1ffa0c40a57b2","name":"Jana Kitta","image":{"@type":"ImageObject","inLanguage":"de","@id":"https:\/\/www.tc-wiehltal.de\/#\/schema\/person\/image\/","url":"https:\/\/secure.gravatar.com\/avatar\/74a60a3a5e41d31d4a65828a30df4f0e?s=96&d=mm&r=g","contentUrl":"https:\/\/secure.gravatar.com\/avatar\/74a60a3a5e41d31d4a65828a30df4f0e?s=96&d=mm&r=g","caption":"Jana Kitta"},"sameAs":["https:\/\/www.tc-wiehltal.de\/"],"url":"https:\/\/www.tc-wiehltal.de\/index.php\/author\/jana_tcw\/"}]}},"jetpack_featured_media_url":"","_links":{"self":[{"href":"https:\/\/www.tc-wiehltal.de\/index.php\/wp-json\/wp\/v2\/posts\/1353"}],"collection":[{"href":"https:\/\/www.tc-wiehltal.de\/index.php\/wp-json\/wp\/v2\/posts"}],"about":[{"href":"https:\/\/www.tc-wiehltal.de\/index.php\/wp-json\/wp\/v2\/types\/post"}],"author":[{"embeddable":true,"href":"https:\/\/www.tc-wiehltal.de\/index.php\/wp-json\/wp\/v2\/users\/2"}],"replies":[{"embeddable":true,"href":"https:\/\/www.tc-wiehltal.de\/index.php\/wp-json\/wp\/v2\/comments?post=1353"}],"version-history":[{"count":19,"href":"https:\/\/www.tc-wiehltal.de\/index.php\/wp-json\/wp\/v2\/posts\/1353\/revisions"}],"predecessor-version":[{"id":1392,"href":"https:\/\/www.tc-wiehltal.de\/index.php\/wp-json\/wp\/v2\/posts\/1353\/revisions\/1392"}],"wp:attachment":[{"href":"https:\/\/www.tc-wiehltal.de\/index.php\/wp-json\/wp\/v2\/media?parent=1353"}],"wp:term":[{"taxonomy":"category","embeddable":true,"href":"https:\/\/www.tc-wiehltal.de\/index.php\/wp-json\/wp\/v2\/categories?post=1353"},{"taxonomy":"post_tag","embeddable":true,"href":"https:\/\/www.tc-wiehltal.de\/index.php\/wp-json\/wp\/v2\/tags?post=1353"}],"curies":[{"name":"wp","href":"https:\/\/api.w.org\/{rel}","templated":true}]}}